{"id":24922,"date":"2025-10-02T21:35:02","date_gmt":"2025-10-02T19:35:02","guid":{"rendered":"https:\/\/unity-schweiz.ch\/connecte-toi-a-ta-joie\/"},"modified":"2025-10-02T21:35:04","modified_gmt":"2025-10-02T19:35:04","slug":"connecte-toi-a-ta-joie","status":"publish","type":"post","link":"https:\/\/unity-schweiz.ch\/fr\/connecte-toi-a-ta-joie\/","title":{"rendered":"Connecte-toi \u00e0 ta joie!"},"content":{"rendered":"\t\t<div data-elementor-type=\"wp-post\" data-elementor-id=\"24922\" class=\"elementor elementor-24922 elementor-19439\">\n\t\t\t\t\t\t<section class=\"wd-negative-gap elementor-section elementor-top-section elementor-element elementor-element-8893899 elementor-section-boxed elementor-section-height-default elementor-section-height-default\" data-id=\"8893899\" data-element_type=\"section\" data-e-type=\"section\">\n\t\t\t\t\t\t<div class=\"elementor-container elementor-column-gap-default\">\n\t\t\t\t\t<div class=\"elementor-column elementor-col-100 elementor-top-column elementor-element elementor-element-45261\" data-id=\"45261\" data-element_type=\"column\" data-e-type=\"column\">\n\t\t\t<div class=\"elementor-widget-wrap elementor-element-populated\">\n\t\t\t\t\t\t<div class=\"elementor-element elementor-element-9803223 color-scheme-inherit text-left elementor-widget elementor-widget-text-editor\" data-id=\"9803223\" data-element_type=\"widget\" data-e-type=\"widget\" data-widget_type=\"text-editor.default\">\n\t\t\t\t<div class=\"elementor-widget-container\">\n\t\t\t\t\t\t\t\t\t<p><span style=\"color: #1b1e20; font-family: 'Open Sans', Arial, Helvetica, sans-serif; font-size: 15px; font-style: normal; font-variant-ligatures: normal; font-variant-caps: normal; font-weight: 400; letter-spacing: normal; orphans: 2; text-align: center; text-indent: 0px; text-transform: none; widows: 2; word-spacing: 0px; -webkit-text-stroke-width: 0px; white-space: normal; background-color: #ffffff; text-decoration-thickness: initial; text-decoration-style: initial; text-decoration-color: initial; display: inline !important; float: none;\"><strong>Action de gr\u00e2ce. \u00catre reconnaissant.<\/strong><br \/>\n<\/span>Fin octobre, lorsque l&rsquo;\u00e9t\u00e9 est termin\u00e9 et que nous sommes d\u00e9finitivement en automne, il peut arriver que je sois m\u00e9lancolique. Que je regrette les journ\u00e9es chaudes et lumineuses. C&rsquo;est le temps de Samhain, la f\u00eate celtique. Je sais que Samhain signifie \u00ab Fin de l&rsquo;\u00e9t\u00e9 \u00bb, et qu&rsquo;\u00e0 ce moment-l\u00e0 la r\u00e9colte est rentr\u00e9e et que nous regardons l&rsquo;hiver en face, dans l&rsquo;abondance \u2013 richement dot\u00e9s par l&rsquo;\u00e9t\u00e9.<\/p>\n<p>Mes c\u00f4t\u00e9s sombres veulent voir la lumi\u00e8re, ils se manifestent sans cesse pour que je puisse leur dire adieu et les livrer au feu. J&rsquo;en suis reconnaissante. L&rsquo;insatisfaction, les pens\u00e9es sur le fait que je n&rsquo;ai pas fait quelque chose assez bien, que je n&rsquo;ai pas agi correctement dans une situation, me font continuer \u00e0 ruminer. Ruminer occupe mon esprit. Qui a pour t\u00e2che d&rsquo;optimiser le syst\u00e8me. Cependant, il ne trouve pas de solutions. Pour cela, je dois me connecter \u00e0 mon c\u0153ur. Entrer dans ma joie. Mais comment, si j&rsquo;\u00e9coute constamment mes ruminations et mes soucis ? Je sais que changer mon \u00e9tat mental ne r\u00e9ussit qu&rsquo;en cessant d&rsquo;\u00e9couter mon esprit. En me distrayant. Ou autrement dit : en changeant mon focus. Vers la joie \u2013 mais comment ?!<\/p>\n<p>\u00ab Connecte-toi \u00e0 ton abondance ! \u00bb, per\u00e7ois-je du plus profond de moi. Oui, cela a du sens, car il y a toujours quelque chose pour lequel je peux \u00eatre reconnaissante. Un sourire, une belle m\u00e9lodie, un animal de compagnie doux, une pomme juteuse, le regard vers les nuages ou les arbres. Ou une pens\u00e9e qui me remplit de joie, qui me fait penser \u00e0 quelqu&rsquo;un et me fait du bien. Mon coin canap\u00e9 douillet, mon endroit pr\u00e9f\u00e9r\u00e9 en \u00e9t\u00e9. Quelque chose qui r\u00e9jouit mon c\u0153ur et aide \u00e0 d\u00e9placer mon attention \u2013 vers mon c\u0153ur. Une pens\u00e9e qui me rend reconnaissante pour tout le bien qui fait partie de ma vie. Ce qui in\u00e9vitablement et imm\u00e9diatement diffuse de la chaleur dans la r\u00e9gion du c\u0153ur et me fait rayonner avec une nouvelle qualit\u00e9. Alors, focus sur le c\u0153ur, o\u00f9 je peux me connecter \u00e0 la lumi\u00e8re en moi. Et ainsi \u00e9clairer les ombres.<\/p>\n<p>\u00catre reconnaissante. Je remercie la vie de me donner chaque jour de nouvelles opportunit\u00e9s de conna\u00eetre mon monde int\u00e9rieur. Nous sommes tous dans la m\u00eame citrouille. Tous s&rsquo;exercent, se montrent dans la meilleure variante actuelle d&rsquo;eux-m\u00eames.<br \/>Je suis heureuse que ma variante d&rsquo;aujourd&rsquo;hui rayonne \u00e0 nouveau ! Gr\u00e2ce \u00e0 la r\u00e9colte ! Mon abondance est \u00e0 nouveau perceptible, lorsque je me consacre \u00e0 ma lumi\u00e8re int\u00e9rieure. \u00c0 mon \u00eatre tout particulier.<br \/>D&rsquo;ailleurs, elle est toujours l\u00e0, en dessous. La lumi\u00e8re, la joie, notre source originelle d&rsquo;\u00eatre en amour. Tels que nous sommes venus en tant que petits \u00eatres. Venus pour rester, pour \u00eatre \u2013 et pour rayonner !<\/p>\n\t\t\t\t\t\t\t\t<\/div>\n\t\t\t\t<\/div>\n\t\t\t\t\t<\/div>\n\t\t<\/div>\n\t\t\t\t\t<\/div>\n\t\t<\/section>\n\t\t\t\t<\/div>\n\t\t","protected":false},"excerpt":{"rendered":"<p>Action de gr\u00e2ce. \u00catre reconnaissant.<br \/>\nDans l&rsquo;abondance \u2013 richement dot\u00e9 par l&rsquo;\u00e9t\u00e9 \u2013 regarder l&rsquo;hiver en face&#8230;<\/p>\n","protected":false},"author":2,"featured_media":23219,"comment_status":"closed","ping_status":"closed","sticky":false,"template":"","format":"standard","meta":{"footnotes":""},"categories":[66,67],"tags":[],"class_list":["post-24922","post","type-post","status-publish","format-standard","has-post-thumbnail","hentry","category-aufbauende-nachrichten","category-unity-gedanken"],"_links":{"self":[{"href":"https:\/\/unity-schweiz.ch\/fr\/wp-json\/wp\/v2\/posts\/24922","targetHints":{"allow":["GET"]}}],"collection":[{"href":"https:\/\/unity-schweiz.ch\/fr\/wp-json\/wp\/v2\/posts"}],"about":[{"href":"https:\/\/unity-schweiz.ch\/fr\/wp-json\/wp\/v2\/types\/post"}],"author":[{"embeddable":true,"href":"https:\/\/unity-schweiz.ch\/fr\/wp-json\/wp\/v2\/users\/2"}],"replies":[{"embeddable":true,"href":"https:\/\/unity-schweiz.ch\/fr\/wp-json\/wp\/v2\/comments?post=24922"}],"version-history":[{"count":1,"href":"https:\/\/unity-schweiz.ch\/fr\/wp-json\/wp\/v2\/posts\/24922\/revisions"}],"predecessor-version":[{"id":24923,"href":"https:\/\/unity-schweiz.ch\/fr\/wp-json\/wp\/v2\/posts\/24922\/revisions\/24923"}],"wp:featuredmedia":[{"embeddable":true,"href":"https:\/\/unity-schweiz.ch\/fr\/wp-json\/wp\/v2\/media\/23219"}],"wp:attachment":[{"href":"https:\/\/unity-schweiz.ch\/fr\/wp-json\/wp\/v2\/media?parent=24922"}],"wp:term":[{"taxonomy":"category","embeddable":true,"href":"https:\/\/unity-schweiz.ch\/fr\/wp-json\/wp\/v2\/categories?post=24922"},{"taxonomy":"post_tag","embeddable":true,"href":"https:\/\/unity-schweiz.ch\/fr\/wp-json\/wp\/v2\/tags?post=24922"}],"curies":[{"name":"wp","href":"https:\/\/api.w.org\/{rel}","templated":true}]}}