{"id":24920,"date":"2025-10-02T21:33:37","date_gmt":"2025-10-02T19:33:37","guid":{"rendered":"https:\/\/unity-schweiz.ch\/bazar-articles-tricotes-du-quartier-et-de-toute-la-suisse\/"},"modified":"2025-10-02T21:33:38","modified_gmt":"2025-10-02T19:33:38","slug":"bazar-articles-tricotes-du-quartier-et-de-toute-la-suisse","status":"publish","type":"post","link":"https:\/\/unity-schweiz.ch\/fr\/bazar-articles-tricotes-du-quartier-et-de-toute-la-suisse\/","title":{"rendered":"Bazar : Articles tricot\u00e9s du quartier et de toute la Suisse"},"content":{"rendered":"\t\t<div data-elementor-type=\"wp-post\" data-elementor-id=\"24920\" class=\"elementor elementor-24920 elementor-19517\">\n\t\t\t\t\t\t<section class=\"wd-negative-gap elementor-section elementor-top-section elementor-element elementor-element-4f435e5 elementor-section-boxed elementor-section-height-default elementor-section-height-default\" data-id=\"4f435e5\" data-element_type=\"section\" data-e-type=\"section\">\n\t\t\t\t\t\t<div class=\"elementor-container elementor-column-gap-default\">\n\t\t\t\t\t<div class=\"elementor-column elementor-col-100 elementor-top-column elementor-element elementor-element-c70fdf6\" data-id=\"c70fdf6\" data-element_type=\"column\" data-e-type=\"column\">\n\t\t\t<div class=\"elementor-widget-wrap elementor-element-populated\">\n\t\t\t\t\t\t<div class=\"elementor-element elementor-element-8cdad8a elementor-widget__width-initial text-center color-scheme-inherit elementor-widget elementor-widget-text-editor\" data-id=\"8cdad8a\" data-element_type=\"widget\" data-e-type=\"widget\" data-widget_type=\"text-editor.default\">\n\t\t\t\t<div class=\"elementor-widget-container\">\n\t\t\t\t\t\t\t\t\tNous recevons r\u00e9guli\u00e8rement des colis de tricots provenant de toute la Suisse ainsi que du quartier \u2013 et ce, tout au long de l&rsquo;ann\u00e9e. Et c&rsquo;est toujours une immense joie lorsque le groupe de tricoteuses se r\u00e9unit le mardi et qu&rsquo;un nouveau colis est ouvert !<br><br><div id=\"attachment_19551\" style=\"width: 410px\" class=\"wp-caption alignright\"><img decoding=\"async\" aria-describedby=\"caption-attachment-19551\" class=\"wp-image-19550\" style=\"font-size: 15px; color: var(--wd-text-color); background-color: var(--wd-main-bgcolor);\" src=\"https:\/\/unity-schweiz.ch\/wp-content\/uploads\/2023\/11\/Bild1-300x72.jpg\" alt=\"\" width=\"400\" height=\"95\" srcset=\"https:\/\/unity-schweiz.ch\/wp-content\/uploads\/2023\/11\/Bild1-300x72.jpg 300w, https:\/\/unity-schweiz.ch\/wp-content\/uploads\/2023\/11\/Bild1-600x144.jpg 600w, https:\/\/unity-schweiz.ch\/wp-content\/uploads\/2023\/11\/Bild1-150x36.jpg 150w, https:\/\/unity-schweiz.ch\/wp-content\/uploads\/2023\/11\/Bild1.jpg 604w\" sizes=\"(max-width: 400px) 100vw, 400px\" \/><p id=\"caption-attachment-19551\" class=\"wp-caption-text\"><span style=\"font-size: 15px; background-color: var(--wd-main-bgcolor); color: var(--wd-text-color);\"> Merveilleuses couvertures en laine<\/span><\/p><\/div><br><br>&nbsp;<br><br><strong style=\"font-size: 15px; background-color: var(--wd-main-bgcolor); color: var(--wd-text-color);\">Un travail artisanal plein d&rsquo;amour et de la plus haute qualit\u00e9 !\r\n<\/strong><span style=\"font-size: 15px; color: var(--wd-text-color); background-color: var(--wd-main-bgcolor);\">De vaillantes femmes tricotent avec ferveur <\/span><span style=\"font-size: 15px; color: var(--wd-text-color); background-color: var(--wd-main-bgcolor);\">des cr\u00e9ations de haute qualit\u00e9 en laine et en coton, et nous font parvenir ces pi\u00e8ces uniques par la poste ou nous les apportent personnellement au K\u00f6nigweg 1A \u00e0 Berne.\r\n<\/span><br><br><div id=\"attachment_19539\" style=\"width: 310px\" class=\"wp-caption alignleft\"><img decoding=\"async\" aria-describedby=\"caption-attachment-19539\" class=\"wp-image-19538 size-medium\" style=\"font-size: 15px; background-color: var(--wd-main-bgcolor); color: var(--wd-text-color);\" src=\"https:\/\/unity-schweiz.ch\/wp-content\/uploads\/2023\/11\/Bild3-300x225.jpg\" alt=\"\" width=\"300\" height=\"225\" srcset=\"https:\/\/unity-schweiz.ch\/wp-content\/uploads\/2023\/11\/Bild3-300x225.jpg 300w, https:\/\/unity-schweiz.ch\/wp-content\/uploads\/2023\/11\/Bild3-150x113.jpg 150w, https:\/\/unity-schweiz.ch\/wp-content\/uploads\/2023\/11\/Bild3.jpg 604w\" sizes=\"(max-width: 300px) 100vw, 300px\" \/><p id=\"caption-attachment-19539\" class=\"wp-caption-text\"><span style=\"font-size: 15px; background-color: var(--wd-main-bgcolor); color: var(--wd-text-color);\"> Bazar UNITY &amp; Mini-Brocante<\/span><\/p><\/div><br><br>&nbsp;<br><br>Le groupe de tricoteuses cr\u00e9e \u00e0 partir de cela de merveilleuses couvertures, assemble la marchandise et pr\u00e9pare le tout pour le Bazar &amp; Mini-Brocante, qui a lieu chaque ann\u00e9e en octobre\/novembre.\t\t\t\t\t\t\t\t<\/div>\n\t\t\t\t<\/div>\n\t\t\t\t\t<\/div>\n\t\t<\/div>\n\t\t\t\t\t<\/div>\n\t\t<\/section>\n\t\t\t\t<section class=\"wd-negative-gap elementor-section elementor-top-section elementor-element elementor-element-f4acfa4 elementor-section-boxed elementor-section-height-default elementor-section-height-default\" data-id=\"f4acfa4\" data-element_type=\"section\" data-e-type=\"section\">\n\t\t\t\t\t\t<div class=\"elementor-container elementor-column-gap-default\">\n\t\t\t\t\t<div class=\"elementor-column elementor-col-100 elementor-top-column elementor-element elementor-element-e710c58\" data-id=\"e710c58\" data-element_type=\"column\" data-e-type=\"column\">\n\t\t\t<div class=\"elementor-widget-wrap elementor-element-populated\">\n\t\t\t\t\t\t<div class=\"elementor-element elementor-element-76540d2 elementor-widget__width-initial elementor-widget-mobile__width-initial text-center color-scheme-inherit elementor-widget elementor-widget-text-editor\" data-id=\"76540d2\" data-element_type=\"widget\" data-e-type=\"widget\" data-widget_type=\"text-editor.default\">\n\t\t\t\t<div class=\"elementor-widget-container\">\n\t\t\t\t\t\t\t\t\t<p><div id=\"attachment_19571\" style=\"width: 310px\" class=\"wp-caption alignright\"><img decoding=\"async\" aria-describedby=\"caption-attachment-19571\" class=\"wp-image-19570 size-medium\" style=\"font-size: 15px; color: var(--wd-text-color); background-color: var(--wd-main-bgcolor);\" src=\"https:\/\/unity-schweiz.ch\/wp-content\/uploads\/2023\/11\/IMG-20231030-WA0022-300x225.jpg\" alt=\"\" width=\"300\" height=\"225\" srcset=\"https:\/\/unity-schweiz.ch\/wp-content\/uploads\/2023\/11\/IMG-20231030-WA0022-300x225.jpg 300w, https:\/\/unity-schweiz.ch\/wp-content\/uploads\/2023\/11\/IMG-20231030-WA0022-1024x768.jpg 1024w, https:\/\/unity-schweiz.ch\/wp-content\/uploads\/2023\/11\/IMG-20231030-WA0022-768x576.jpg 768w, https:\/\/unity-schweiz.ch\/wp-content\/uploads\/2023\/11\/IMG-20231030-WA0022-1536x1152.jpg 1536w, https:\/\/unity-schweiz.ch\/wp-content\/uploads\/2023\/11\/IMG-20231030-WA0022-1200x900.jpg 1200w, https:\/\/unity-schweiz.ch\/wp-content\/uploads\/2023\/11\/IMG-20231030-WA0022-150x113.jpg 150w, https:\/\/unity-schweiz.ch\/wp-content\/uploads\/2023\/11\/IMG-20231030-WA0022.jpg 2000w\" sizes=\"(max-width: 300px) 100vw, 300px\" \/><p id=\"caption-attachment-19571\" class=\"wp-caption-text\"><span style=\"font-size: 15px; color: var(--wd-text-color); background-color: var(--wd-main-bgcolor);\"> Bonnets, gants, \u00e9charpes, chaussettes et bien plus encore<\/span><\/p><\/div><\/p>\n<p><span style=\"font-size: 15px; background-color: var(--wd-main-bgcolor); color: var(--wd-text-color);\"><br \/>\nUne magnifique palette d&rsquo;articles tricot\u00e9s et de la belle marchandise de brocante ont \u00e9t\u00e9 rassembl\u00e9es. Bonnets, gants, chauffe-mains, \u00e9charpes et pulls, chaussettes, \u2026<\/span><\/p>\n\t\t\t\t\t\t\t\t<\/div>\n\t\t\t\t<\/div>\n\t\t\t\t\t<\/div>\n\t\t<\/div>\n\t\t\t\t\t<\/div>\n\t\t<\/section>\n\t\t\t\t<section class=\"wd-negative-gap elementor-section elementor-top-section elementor-element elementor-element-9f8f064 elementor-section-boxed elementor-section-height-default elementor-section-height-default\" data-id=\"9f8f064\" data-element_type=\"section\" data-e-type=\"section\">\n\t\t\t\t\t\t<div class=\"elementor-container elementor-column-gap-default\">\n\t\t\t\t\t<div class=\"elementor-column elementor-col-100 elementor-top-column elementor-element elementor-element-dac8b14\" data-id=\"dac8b14\" data-element_type=\"column\" data-e-type=\"column\">\n\t\t\t<div class=\"elementor-widget-wrap elementor-element-populated\">\n\t\t\t\t\t\t<div class=\"elementor-element elementor-element-900a21a elementor-widget__width-initial elementor-widget-mobile__width-initial text-center color-scheme-inherit elementor-widget elementor-widget-text-editor\" data-id=\"900a21a\" data-element_type=\"widget\" data-e-type=\"widget\" data-widget_type=\"text-editor.default\">\n\t\t\t\t<div class=\"elementor-widget-container\">\n\t\t\t\t\t\t\t\t\t<div>\r\n\r\n<div id=\"attachment_19573\" style=\"width: 310px\" class=\"wp-caption alignleft\"><img decoding=\"async\" aria-describedby=\"caption-attachment-19573\" class=\"wp-image-19572 size-medium\" src=\"https:\/\/unity-schweiz.ch\/wp-content\/uploads\/2023\/11\/IMG-20231030-WA0023-300x225.jpg\" alt=\"\" width=\"300\" height=\"225\" srcset=\"https:\/\/unity-schweiz.ch\/wp-content\/uploads\/2023\/11\/IMG-20231030-WA0023-300x225.jpg 300w, https:\/\/unity-schweiz.ch\/wp-content\/uploads\/2023\/11\/IMG-20231030-WA0023-1024x768.jpg 1024w, https:\/\/unity-schweiz.ch\/wp-content\/uploads\/2023\/11\/IMG-20231030-WA0023-768x576.jpg 768w, https:\/\/unity-schweiz.ch\/wp-content\/uploads\/2023\/11\/IMG-20231030-WA0023-1536x1152.jpg 1536w, https:\/\/unity-schweiz.ch\/wp-content\/uploads\/2023\/11\/IMG-20231030-WA0023-1200x900.jpg 1200w, https:\/\/unity-schweiz.ch\/wp-content\/uploads\/2023\/11\/IMG-20231030-WA0023-150x113.jpg 150w, https:\/\/unity-schweiz.ch\/wp-content\/uploads\/2023\/11\/IMG-20231030-WA0023.jpg 2000w\" sizes=\"(max-width: 300px) 100vw, 300px\" \/><p id=\"caption-attachment-19573\" class=\"wp-caption-text\">Cr\u00e9ations magiques pour les plus petits<\/p><\/div>\r\n\r\n<span style=\"font-size: 15px; color: var(--wd-text-color); background-color: var(--wd-main-bgcolor);\">\r\nNous avons \u00e9galement re\u00e7u des v\u00eatements pour les <\/span><span style=\"font-size: 15px; color: var(--wd-text-color); background-color: var(--wd-main-bgcolor);\">plus petits ainsi que des poup\u00e9es, des doudous, des poup\u00e9es pour les mains et des poup\u00e9es-soucis, des mobiles et bien plus encore.<\/span>\r\n\r\n<\/div>\t\t\t\t\t\t\t\t<\/div>\n\t\t\t\t<\/div>\n\t\t\t\t\t<\/div>\n\t\t<\/div>\n\t\t\t\t\t<\/div>\n\t\t<\/section>\n\t\t\t\t<section class=\"wd-negative-gap elementor-section elementor-top-section elementor-element elementor-element-df873f9 elementor-section-boxed elementor-section-height-default elementor-section-height-default\" data-id=\"df873f9\" data-element_type=\"section\" data-e-type=\"section\">\n\t\t\t\t\t\t<div class=\"elementor-container elementor-column-gap-default\">\n\t\t\t\t\t<div class=\"elementor-column elementor-col-100 elementor-top-column elementor-element elementor-element-84da9dd\" data-id=\"84da9dd\" data-element_type=\"column\" data-e-type=\"column\">\n\t\t\t<div class=\"elementor-widget-wrap elementor-element-populated\">\n\t\t\t\t\t\t<div class=\"elementor-element elementor-element-a55c33a elementor-widget-divider--view-line elementor-widget elementor-widget-divider\" data-id=\"a55c33a\" data-element_type=\"widget\" data-e-type=\"widget\" data-widget_type=\"divider.default\">\n\t\t\t\t<div class=\"elementor-widget-container\">\n\t\t\t\t\t\t\t<div class=\"elementor-divider\">\n\t\t\t<span class=\"elementor-divider-separator\">\n\t\t\t\t\t\t<\/span>\n\t\t<\/div>\n\t\t\t\t\t\t<\/div>\n\t\t\t\t<\/div>\n\t\t\t\t\t<\/div>\n\t\t<\/div>\n\t\t\t\t\t<\/div>\n\t\t<\/section>\n\t\t\t\t<section class=\"wd-negative-gap elementor-section elementor-top-section elementor-element elementor-element-02d35f9 elementor-section-boxed elementor-section-height-default elementor-section-height-default\" data-id=\"02d35f9\" data-element_type=\"section\" data-e-type=\"section\">\n\t\t\t\t\t\t<div class=\"elementor-container elementor-column-gap-default\">\n\t\t\t\t\t<div class=\"elementor-column elementor-col-100 elementor-top-column elementor-element elementor-element-c3040ac\" data-id=\"c3040ac\" data-element_type=\"column\" data-e-type=\"column\">\n\t\t\t<div class=\"elementor-widget-wrap elementor-element-populated\">\n\t\t\t\t\t\t<div class=\"elementor-element elementor-element-7d34892 elementor-widget__width-initial elementor-widget-mobile__width-initial color-scheme-inherit text-left elementor-widget elementor-widget-text-editor\" data-id=\"7d34892\" data-element_type=\"widget\" data-e-type=\"widget\" data-widget_type=\"text-editor.default\">\n\t\t\t\t<div class=\"elementor-widget-container\">\n\t\t\t\t\t\t\t\t\t<p style=\"margin-bottom: var(--wd-tags-mb); font-style: normal; font-variant-ligatures: normal; font-variant-caps: normal; font-weight: 400; font-family: 'Open Sans', Arial, Helvetica, sans-serif; font-size: 15px;\">Cette ann\u00e9e encore, les b\u00e9n\u00e9fices seront revers\u00e9s aux personnes dans le besoin.<br \/>\nLa vente se poursuit tout au long du mois de novembre \u2013 dans le foyer et dans la salle !<\/p>\n<p><\/p>\n<p style=\"font-style: normal; font-variant-ligatures: normal; font-variant-caps: normal; font-weight: 400; font-family: 'Open Sans', Arial, Helvetica, sans-serif; font-size: 15px;\"><span style=\"font-weight: 600; font-size: 15px;\">Venez nous rendre visite \u2013 nous sommes l\u00e0 aux heures de bureau (jeudi uniquement jusqu&rsquo;\u00e0 15h00).<br \/>\nNous nous r\u00e9jouissons de votre venue !<br \/>\n<\/span><br \/>\nKatrin &amp; Katrin<br \/>\nde l&rsquo;\u00e9quipe UNITY<\/p>\n\t\t\t\t\t\t\t\t<\/div>\n\t\t\t\t<\/div>\n\t\t\t\t\t<\/div>\n\t\t<\/div>\n\t\t\t\t\t<\/div>\n\t\t<\/section>\n\t\t\t\t<\/div>\n\t\t","protected":false},"excerpt":{"rendered":"<p>Des chaussettes d&rsquo;hiver chaudes et douillettes ainsi que d&rsquo;autres cr\u00e9ations en laine \u00e0 d\u00e9couvrir ! Jusqu&rsquo;\u00e0 fin novembre. Les b\u00e9n\u00e9fices seront revers\u00e9s aux personnes dans le besoin.<\/p>\n","protected":false},"author":2,"featured_media":19539,"comment_status":"closed","ping_status":"closed","sticky":false,"template":"","format":"standard","meta":{"footnotes":""},"categories":[123],"tags":[],"class_list":["post-24920","post","type-post","status-publish","format-standard","has-post-thumbnail","hentry","category-events"],"_links":{"self":[{"href":"https:\/\/unity-schweiz.ch\/fr\/wp-json\/wp\/v2\/posts\/24920","targetHints":{"allow":["GET"]}}],"collection":[{"href":"https:\/\/unity-schweiz.ch\/fr\/wp-json\/wp\/v2\/posts"}],"about":[{"href":"https:\/\/unity-schweiz.ch\/fr\/wp-json\/wp\/v2\/types\/post"}],"author":[{"embeddable":true,"href":"https:\/\/unity-schweiz.ch\/fr\/wp-json\/wp\/v2\/users\/2"}],"replies":[{"embeddable":true,"href":"https:\/\/unity-schweiz.ch\/fr\/wp-json\/wp\/v2\/comments?post=24920"}],"version-history":[{"count":1,"href":"https:\/\/unity-schweiz.ch\/fr\/wp-json\/wp\/v2\/posts\/24920\/revisions"}],"predecessor-version":[{"id":24921,"href":"https:\/\/unity-schweiz.ch\/fr\/wp-json\/wp\/v2\/posts\/24920\/revisions\/24921"}],"wp:featuredmedia":[{"embeddable":true,"href":"https:\/\/unity-schweiz.ch\/fr\/wp-json\/wp\/v2\/media\/19539"}],"wp:attachment":[{"href":"https:\/\/unity-schweiz.ch\/fr\/wp-json\/wp\/v2\/media?parent=24920"}],"wp:term":[{"taxonomy":"category","embeddable":true,"href":"https:\/\/unity-schweiz.ch\/fr\/wp-json\/wp\/v2\/categories?post=24920"},{"taxonomy":"post_tag","embeddable":true,"href":"https:\/\/unity-schweiz.ch\/fr\/wp-json\/wp\/v2\/tags?post=24920"}],"curies":[{"name":"wp","href":"https:\/\/api.w.org\/{rel}","templated":true}]}}