{"id":24918,"date":"2025-10-02T21:30:45","date_gmt":"2025-10-02T19:30:45","guid":{"rendered":"https:\/\/unity-schweiz.ch\/atelier-dart-avec-estelle-junod-corps-acceptation-de-soi-et-art\/"},"modified":"2025-10-02T21:30:47","modified_gmt":"2025-10-02T19:30:47","slug":"atelier-dart-avec-estelle-junod-corps-acceptation-de-soi-et-art","status":"publish","type":"post","link":"https:\/\/unity-schweiz.ch\/fr\/atelier-dart-avec-estelle-junod-corps-acceptation-de-soi-et-art\/","title":{"rendered":"Atelier d&rsquo;art avec Estelle Junod : Corps, acceptation de soi et art"},"content":{"rendered":"\t\t<div data-elementor-type=\"wp-post\" data-elementor-id=\"24918\" class=\"elementor elementor-24918 elementor-19971\">\n\t\t\t\t\t\t<section class=\"wd-negative-gap elementor-section elementor-top-section elementor-element elementor-element-4f435e5 elementor-section-boxed elementor-section-height-default elementor-section-height-default\" data-id=\"4f435e5\" data-element_type=\"section\" data-e-type=\"section\">\n\t\t\t\t\t\t<div class=\"elementor-container elementor-column-gap-default\">\n\t\t\t\t\t<div class=\"elementor-column elementor-col-100 elementor-top-column elementor-element elementor-element-c70fdf6\" data-id=\"c70fdf6\" data-element_type=\"column\" data-e-type=\"column\">\n\t\t\t<div class=\"elementor-widget-wrap elementor-element-populated\">\n\t\t\t\t\t\t<div class=\"elementor-element elementor-element-8cdad8a elementor-widget__width-initial text-center color-scheme-inherit elementor-widget elementor-widget-text-editor\" data-id=\"8cdad8a\" data-element_type=\"widget\" data-e-type=\"widget\" data-widget_type=\"text-editor.default\">\n\t\t\t\t<div class=\"elementor-widget-container\">\n\t\t\t\t\t\t\t\t\t<p><strong>\u00catre soi-m\u00eame, peindre et \u00e9changer : une atmosph\u00e8re de confiance et de respect mutuel s&rsquo;est imm\u00e9diatement install\u00e9e.<\/strong><\/p>\n<p>Apr\u00e8s un d\u00e9licieux d\u00e9but de soir\u00e9e autour du buffet de \u00ab soulfood \u00bb fait maison, il m&rsquo;a \u00e9t\u00e9 \u00e9tonnamment facile de donner un aper\u00e7u bref, mais n\u00e9anmoins profond, de mes \u00e9motions et pens\u00e9es actuelles au sein de ce groupe de femmes aux profils vari\u00e9s, sous la direction d&rsquo;Estelle Junod, une artiste pleine d&#8217;empathie.<\/p>\n<p><div id=\"attachment_20063\" style=\"width: 310px\" class=\"wp-caption alignleft\"><img decoding=\"async\" aria-describedby=\"caption-attachment-20063\" class=\"wp-image-20063 size-medium\" style=\"font-size: 15px; color: var(--wd-text-color); background-color: var(--wd-main-bgcolor);\" src=\"https:\/\/unity-schweiz.ch\/wp-content\/uploads\/2024\/03\/workshop_buffet-300x137.jpg\" alt=\"\" width=\"300\" height=\"137\" \/><p id=\"caption-attachment-20063\" class=\"wp-caption-text\">D\u00e9licieux \u00ab soulfood \u00bb au buffet<\/p><\/div><\/p>\n<p><strong>Qu&rsquo;est-ce que l&rsquo;amour de soi signifie pour vous ?<\/strong><\/p>\n<p>C&rsquo;\u00e9tait tout simplement impressionnant, mais aussi enrichissant et agr\u00e9able, de partager des r\u00e9flexions sur les th\u00e8mes de l&rsquo;acceptation de soi et de l&rsquo;amour de soi avec chacune de ces femmes si diff\u00e9rentes. Une atmosph\u00e8re de confiance et de respect mutuel s&rsquo;est imm\u00e9diatement install\u00e9e.<\/p>\n\t\t\t\t\t\t\t\t<\/div>\n\t\t\t\t<\/div>\n\t\t\t\t\t<\/div>\n\t\t<\/div>\n\t\t\t\t\t<\/div>\n\t\t<\/section>\n\t\t\t\t<section class=\"wd-negative-gap elementor-section elementor-top-section elementor-element elementor-element-f4acfa4 elementor-section-boxed elementor-section-height-default elementor-section-height-default\" data-id=\"f4acfa4\" data-element_type=\"section\" data-e-type=\"section\">\n\t\t\t\t\t\t<div class=\"elementor-container elementor-column-gap-default\">\n\t\t\t\t\t<div class=\"elementor-column elementor-col-100 elementor-top-column elementor-element elementor-element-e710c58\" data-id=\"e710c58\" data-element_type=\"column\" data-e-type=\"column\">\n\t\t\t<div class=\"elementor-widget-wrap elementor-element-populated\">\n\t\t\t\t\t\t<div class=\"elementor-element elementor-element-76540d2 elementor-widget__width-initial elementor-widget-mobile__width-initial text-center color-scheme-inherit elementor-widget elementor-widget-text-editor\" data-id=\"76540d2\" data-element_type=\"widget\" data-e-type=\"widget\" data-widget_type=\"text-editor.default\">\n\t\t\t\t<div class=\"elementor-widget-container\">\n\t\t\t\t\t\t\t\t\t<div>\r\n\r\n<div id=\"attachment_20068\" style=\"width: 235px\" class=\"wp-caption alignleft\"><img decoding=\"async\" aria-describedby=\"caption-attachment-20068\" class=\"wp-image-20068 size-medium\" style=\"font-size: 15px; color: var(--wd-text-color); background-color: var(--wd-main-bgcolor);\" src=\"https:\/\/unity-schweiz.ch\/wp-content\/uploads\/2024\/03\/IMG-20240308-WA0006-225x300.jpg\" alt=\"\" width=\"225\" height=\"300\" \/><p id=\"caption-attachment-20068\" class=\"wp-caption-text\">S&rsquo;exprimer, avec le pinceau et les couleurs, se laisser aller et simplement regarder avec curiosit\u00e9 ce qui se r\u00e9v\u00e8le.<\/p><\/div>\r\n\r\n<strong>Exp\u00e9rimentations sur toile<\/strong>\r\n\r\nGr\u00e2ce \u00e9galement \u00e0 l&rsquo;accompagnement sensible d&rsquo;Estelle Junod, j&rsquo;ai \u00e9galement trouv\u00e9 mon expression cr\u00e9ative lors de la t\u00e2che suivante. Apr\u00e8s un d\u00e9but h\u00e9sitant, je me suis immerg\u00e9e dans le th\u00e8me \u2013 \u00ab Cr\u00e9ez votre propre tableau sur l&rsquo;amour de soi, sur le fait d&rsquo;\u00eatre une femme \u00bb. \u00c0 l&rsquo;aide d&rsquo;un mod\u00e8le qu&rsquo;Estelle a mis \u00e0 disposition, nous nous sommes plong\u00e9es dans ce voyage d&rsquo;une cr\u00e9ation personnelle.\r\n\r\n<\/div><br>&nbsp;\t\t\t\t\t\t\t\t<\/div>\n\t\t\t\t<\/div>\n\t\t\t\t\t<\/div>\n\t\t<\/div>\n\t\t\t\t\t<\/div>\n\t\t<\/section>\n\t\t\t\t<section class=\"wd-negative-gap elementor-section elementor-top-section elementor-element elementor-element-9f8f064 elementor-section-boxed elementor-section-height-default elementor-section-height-default\" data-id=\"9f8f064\" data-element_type=\"section\" data-e-type=\"section\">\n\t\t\t\t\t\t<div class=\"elementor-container elementor-column-gap-default\">\n\t\t\t\t\t<div class=\"elementor-column elementor-col-100 elementor-top-column elementor-element elementor-element-dac8b14\" data-id=\"dac8b14\" data-element_type=\"column\" data-e-type=\"column\">\n\t\t\t<div class=\"elementor-widget-wrap elementor-element-populated\">\n\t\t\t\t\t\t<div class=\"elementor-element elementor-element-900a21a elementor-widget__width-initial elementor-widget-mobile__width-initial text-center color-scheme-inherit elementor-widget elementor-widget-text-editor\" data-id=\"900a21a\" data-element_type=\"widget\" data-e-type=\"widget\" data-widget_type=\"text-editor.default\">\n\t\t\t\t<div class=\"elementor-widget-container\">\n\t\t\t\t\t\t\t\t\t<div>\n<p>Jalonn\u00e9e d&rsquo;\u00e9tapes de joie, de doute, de sentiments d&rsquo;insuffisance, d&rsquo;un peu de d\u00e9sespoir, et m\u00eame de d\u00e9fi et de col\u00e8re naissante, ce voyage m&rsquo;a finalement ramen\u00e9e \u00e0 la joie de cette aventure toute personnelle et de ma propre singularit\u00e9 (Eigen-Art) !<\/p>\n<p>Merci, Estelle, pour ce voyage \u2013 ce ne sera pas le dernier !<\/p>\n<p>Prochaines occasions de peindre : Dim. 17 mars<br \/>\nSam. 13 avril 2024<\/p>\n<p>Plus d&rsquo;informations : https:\/\/actart.ch\/blog<\/p>\n<p>Soyez vous-m\u00eame &amp; exp\u00e9rimentez avec les couleurs et votre vie \ud83d\ude0a<\/p>\n<p>Katrin Schatzmann<\/p>\n<p>\u00c9quipe UNITY-Suisse<\/p>\n<\/div>\n\t\t\t\t\t\t\t\t<\/div>\n\t\t\t\t<\/div>\n\t\t\t\t\t<\/div>\n\t\t<\/div>\n\t\t\t\t\t<\/div>\n\t\t<\/section>\n\t\t\t\t<section class=\"wd-negative-gap elementor-section elementor-top-section elementor-element elementor-element-df873f9 elementor-section-boxed elementor-section-height-default elementor-section-height-default\" data-id=\"df873f9\" data-element_type=\"section\" data-e-type=\"section\">\n\t\t\t\t\t\t<div class=\"elementor-container elementor-column-gap-default\">\n\t\t\t\t\t<div class=\"elementor-column elementor-col-100 elementor-top-column elementor-element elementor-element-84da9dd\" data-id=\"84da9dd\" data-element_type=\"column\" data-e-type=\"column\">\n\t\t\t<div class=\"elementor-widget-wrap elementor-element-populated\">\n\t\t\t\t\t\t<div class=\"elementor-element elementor-element-a55c33a elementor-widget-divider--view-line elementor-widget elementor-widget-divider\" data-id=\"a55c33a\" data-element_type=\"widget\" data-e-type=\"widget\" data-widget_type=\"divider.default\">\n\t\t\t\t<div class=\"elementor-widget-container\">\n\t\t\t\t\t\t\t<div class=\"elementor-divider\">\n\t\t\t<span class=\"elementor-divider-separator\">\n\t\t\t\t\t\t<\/span>\n\t\t<\/div>\n\t\t\t\t\t\t<\/div>\n\t\t\t\t<\/div>\n\t\t\t\t\t<\/div>\n\t\t<\/div>\n\t\t\t\t\t<\/div>\n\t\t<\/section>\n\t\t\t\t<section class=\"wd-negative-gap elementor-section elementor-top-section elementor-element elementor-element-02d35f9 elementor-section-boxed elementor-section-height-default elementor-section-height-default\" data-id=\"02d35f9\" data-element_type=\"section\" data-e-type=\"section\">\n\t\t\t\t\t\t<div class=\"elementor-container elementor-column-gap-default\">\n\t\t\t\t\t<div class=\"elementor-column elementor-col-100 elementor-top-column elementor-element elementor-element-c3040ac\" data-id=\"c3040ac\" data-element_type=\"column\" data-e-type=\"column\">\n\t\t\t<div class=\"elementor-widget-wrap elementor-element-populated\">\n\t\t\t\t\t\t\t<\/div>\n\t\t<\/div>\n\t\t\t\t\t<\/div>\n\t\t<\/section>\n\t\t\t\t<\/div>\n\t\t","protected":false},"excerpt":{"rendered":"<p>\u00catre soi-m\u00eame, \u00e9changer et exp\u00e9rimenter \u2013 avec les couleurs et la vie.<\/p>\n","protected":false},"author":2,"featured_media":22862,"comment_status":"closed","ping_status":"closed","sticky":false,"template":"","format":"standard","meta":{"footnotes":""},"categories":[123],"tags":[],"class_list":["post-24918","post","type-post","status-publish","format-standard","has-post-thumbnail","hentry","category-events"],"_links":{"self":[{"href":"https:\/\/unity-schweiz.ch\/fr\/wp-json\/wp\/v2\/posts\/24918","targetHints":{"allow":["GET"]}}],"collection":[{"href":"https:\/\/unity-schweiz.ch\/fr\/wp-json\/wp\/v2\/posts"}],"about":[{"href":"https:\/\/unity-schweiz.ch\/fr\/wp-json\/wp\/v2\/types\/post"}],"author":[{"embeddable":true,"href":"https:\/\/unity-schweiz.ch\/fr\/wp-json\/wp\/v2\/users\/2"}],"replies":[{"embeddable":true,"href":"https:\/\/unity-schweiz.ch\/fr\/wp-json\/wp\/v2\/comments?post=24918"}],"version-history":[{"count":1,"href":"https:\/\/unity-schweiz.ch\/fr\/wp-json\/wp\/v2\/posts\/24918\/revisions"}],"predecessor-version":[{"id":24919,"href":"https:\/\/unity-schweiz.ch\/fr\/wp-json\/wp\/v2\/posts\/24918\/revisions\/24919"}],"wp:featuredmedia":[{"embeddable":true,"href":"https:\/\/unity-schweiz.ch\/fr\/wp-json\/wp\/v2\/media\/22862"}],"wp:attachment":[{"href":"https:\/\/unity-schweiz.ch\/fr\/wp-json\/wp\/v2\/media?parent=24918"}],"wp:term":[{"taxonomy":"category","embeddable":true,"href":"https:\/\/unity-schweiz.ch\/fr\/wp-json\/wp\/v2\/categories?post=24918"},{"taxonomy":"post_tag","embeddable":true,"href":"https:\/\/unity-schweiz.ch\/fr\/wp-json\/wp\/v2\/tags?post=24918"}],"curies":[{"name":"wp","href":"https:\/\/api.w.org\/{rel}","templated":true}]}}