{"id":24914,"date":"2025-10-02T21:26:30","date_gmt":"2025-10-02T19:26:30","guid":{"rendered":"https:\/\/unity-schweiz.ch\/jaurais-encore-des-questions-lecture-avec-wolfram-schneider-lastin-et-invites\/"},"modified":"2025-10-02T21:26:30","modified_gmt":"2025-10-02T19:26:30","slug":"jaurais-encore-des-questions-lecture-avec-wolfram-schneider-lastin-et-invites","status":"publish","type":"post","link":"https:\/\/unity-schweiz.ch\/fr\/jaurais-encore-des-questions-lecture-avec-wolfram-schneider-lastin-et-invites\/","title":{"rendered":"\u00ab J\u2019aurais encore des questions \u00bb, Lecture avec Wolfram Schneider-Lastin et invit\u00e9s"},"content":{"rendered":"\t\t<div data-elementor-type=\"wp-post\" data-elementor-id=\"24914\" class=\"elementor elementor-24914 elementor-21074\">\n\t\t\t\t<div class=\"wd-negative-gap elementor-element elementor-element-22907b1 e-flex e-con-boxed e-con e-parent\" data-id=\"22907b1\" data-element_type=\"container\" data-e-type=\"container\">\n\t\t\t\t\t<div class=\"e-con-inner\">\n\t\t\t\t<div class=\"elementor-element elementor-element-7e5a48f elementor-widget elementor-widget-wd_text_block\" data-id=\"7e5a48f\" data-element_type=\"widget\" data-e-type=\"widget\" data-widget_type=\"wd_text_block.default\">\n\t\t\t\t<div class=\"elementor-widget-container\">\n\t\t\t\t\t\t\t<div class=\"wd-text-block reset-last-child text-left\">\n\t\t\t\n\t\t\t<h5>Avez-vous d\u00e9j\u00e0 entendu les histoires de vos grands-parents ? Avez-vous eu l'occasion de leur poser vos questions ? La lecture du livre \u00ab Fragen h\u00e4tte ich noch \u00bb (J'aurais encore des questions) de l'\u00e9diteur Wolfram Schneider-Lastin et de ses invit\u00e9s a eu lieu mercredi soir chez UNITY-Suisse \u00e0 Berne.<\/h5>\n\t\t\t\t\t<\/div>\n\t\t\t\t\t\t<\/div>\n\t\t\t\t<\/div>\n\t\t\t\t\t<\/div>\n\t\t\t\t<\/div>\n\t\t<div class=\"wd-negative-gap elementor-element elementor-element-f0dfeb9 e-flex e-con-boxed e-con e-parent\" data-id=\"f0dfeb9\" data-element_type=\"container\" data-e-type=\"container\">\n\t\t\t\t\t<div class=\"e-con-inner\">\n\t\t<div class=\"elementor-element elementor-element-34777f3 e-con-full e-flex e-con e-child\" data-id=\"34777f3\" data-element_type=\"container\" data-e-type=\"container\">\n\t\t\t\t<div class=\"elementor-element elementor-element-f9fb4b8 elementor-widget elementor-widget-wd_text_block\" data-id=\"f9fb4b8\" data-element_type=\"widget\" data-e-type=\"widget\" data-widget_type=\"wd_text_block.default\">\n\t\t\t\t<div class=\"elementor-widget-container\">\n\t\t\t\t\t\t\t<div class=\"wd-text-block reset-last-child text-left\">\n\t\t\t\n\t\t\t<p>\u00abElle a touch\u00e9 les \u00e2mes\u00bb et cr\u00e9\u00e9 des vagues : c'\u00e9tait la lecture de Wolfram Schneider-Lastin, avec Esther Banz et Waseem Hussain, dans la belle salle semi-circulaire d'UNITY-Suisse, \u00e0 Freudenberg, Berne.<\/p><p>\u00abCe que j'avais initialement commenc\u00e9 \u00e0 rassembler et \u00e0 traiter pour moi-m\u00eame s'est transform\u00e9 en un projet de plusieurs ann\u00e9es et de grande envergure.\u00bb Wolfram Schneider-Lastin fait des lectures en Suisse, en Autriche et en Allemagne, o\u00f9 le livre fait d'ailleurs de nouvelles vagues. La r\u00e9sonance est immense.<\/p><p>Et cela ne m'\u00e9tonne pas. Les contributions authentiques, lues directement par les auteurs, vous touchent profond\u00e9ment et incitent \u00e0 faire revivre les histoires de votre propre famille. \u00abChacun porte dans son c\u0153ur des histoires qui pourraient et devraient \u00eatre racont\u00e9es.\u00bb<\/p>\n\t\t\t\t\t<\/div>\n\t\t\t\t\t\t<\/div>\n\t\t\t\t<\/div>\n\t\t\t\t<\/div>\n\t\t<div class=\"elementor-element elementor-element-1129b27 e-con-full e-flex e-con e-child\" data-id=\"1129b27\" data-element_type=\"container\" data-e-type=\"container\">\n\t\t\t\t<div class=\"elementor-element elementor-element-9c987d1 elementor-widget elementor-widget-wd_image_or_svg\" data-id=\"9c987d1\" data-element_type=\"widget\" data-e-type=\"widget\" data-widget_type=\"wd_image_or_svg.default\">\n\t\t\t\t<div class=\"elementor-widget-container\">\n\t\t\t\t\t\n\t\t<div class=\"wd-image text-left\">\n\t\t\t\t\t\t\t\t<img decoding=\"async\" width=\"1500\" height=\"1322\" src=\"https:\/\/unity-schweiz.ch\/wp-content\/uploads\/2025\/01\/lesung_wschneider-lastin_unity-schweiz.jpg\" class=\"attachment-full size-full\" alt=\"Lesung \u00abFragen h\u00e4tte ich noch\u00bb am 22. Jan.25 bei UNITY-Schweiz in Bern\" srcset=\"https:\/\/unity-schweiz.ch\/wp-content\/uploads\/2025\/01\/lesung_wschneider-lastin_unity-schweiz.jpg 1500w, https:\/\/unity-schweiz.ch\/wp-content\/uploads\/2025\/01\/lesung_wschneider-lastin_unity-schweiz-300x264.jpg 300w, https:\/\/unity-schweiz.ch\/wp-content\/uploads\/2025\/01\/lesung_wschneider-lastin_unity-schweiz-1024x902.jpg 1024w, https:\/\/unity-schweiz.ch\/wp-content\/uploads\/2025\/01\/lesung_wschneider-lastin_unity-schweiz-768x677.jpg 768w, https:\/\/unity-schweiz.ch\/wp-content\/uploads\/2025\/01\/lesung_wschneider-lastin_unity-schweiz-1200x1058.jpg 1200w, https:\/\/unity-schweiz.ch\/wp-content\/uploads\/2025\/01\/lesung_wschneider-lastin_unity-schweiz-150x132.jpg 150w\" sizes=\"(max-width: 1500px) 100vw, 1500px\" \/>\t\t\t\t\t<\/div>\n\n\t\t\t\t\t\t<\/div>\n\t\t\t\t<\/div>\n\t\t\t\t<\/div>\n\t\t<div class=\"elementor-element elementor-element-4383158 e-con-full e-flex e-con e-child\" data-id=\"4383158\" data-element_type=\"container\" data-e-type=\"container\">\n\t\t\t\t<div class=\"elementor-element elementor-element-d49dfaf elementor-widget elementor-widget-wd_image_or_svg\" data-id=\"d49dfaf\" data-element_type=\"widget\" data-e-type=\"widget\" data-widget_type=\"wd_image_or_svg.default\">\n\t\t\t\t<div class=\"elementor-widget-container\">\n\t\t\t\t\t\n\t\t<div class=\"wd-image text-left\">\n\t\t\t\t\t\t\t\t<img decoding=\"async\" width=\"800\" height=\"600\" src=\"https:\/\/unity-schweiz.ch\/wp-content\/uploads\/2025\/01\/20250122_lesung_unity-schweiz_schneider-lastin_600.jpg\" class=\"attachment-full size-full\" alt=\"Lesung \u00abFragen h\u00e4tte ich noch\u00bb am 22. Jan.25 bei UNITY-Schweiz in Bern\" srcset=\"https:\/\/unity-schweiz.ch\/wp-content\/uploads\/2025\/01\/20250122_lesung_unity-schweiz_schneider-lastin_600.jpg 800w, https:\/\/unity-schweiz.ch\/wp-content\/uploads\/2025\/01\/20250122_lesung_unity-schweiz_schneider-lastin_600-300x225.jpg 300w, https:\/\/unity-schweiz.ch\/wp-content\/uploads\/2025\/01\/20250122_lesung_unity-schweiz_schneider-lastin_600-768x576.jpg 768w, https:\/\/unity-schweiz.ch\/wp-content\/uploads\/2025\/01\/20250122_lesung_unity-schweiz_schneider-lastin_600-150x113.jpg 150w\" sizes=\"(max-width: 800px) 100vw, 800px\" \/>\t\t\t\t\t<\/div>\n\n\t\t\t\t\t\t<\/div>\n\t\t\t\t<\/div>\n\t\t\t\t<\/div>\n\t\t<div class=\"elementor-element elementor-element-74cf935 e-con-full e-flex e-con e-child\" data-id=\"74cf935\" data-element_type=\"container\" data-e-type=\"container\">\n\t\t\t\t<div class=\"elementor-element elementor-element-2ab2d63 elementor-widget elementor-widget-wd_text_block\" data-id=\"2ab2d63\" data-element_type=\"widget\" data-e-type=\"widget\" data-widget_type=\"wd_text_block.default\">\n\t\t\t\t<div class=\"elementor-widget-container\">\n\t\t\t\t\t\t\t<div class=\"wd-text-block reset-last-child text-left\">\n\t\t\t\n\t\t\t<p>Ce fut le cas \u00e9galement ce soir-l\u00e0 : un \u00e9change anim\u00e9 a eu lieu apr\u00e8s l'\u00e9coute des trois histoires tir\u00e9es de la vie des grands-m\u00e8res et des grands-p\u00e8res.<\/p><p>Chacun a pris conscience de l'importance d'un tel travail de m\u00e9moire \u2013 lorsque nous nous penchons sur les histoires de nos anc\u00eatres et que nous remettons en mouvement ce qui n'a pas \u00e9t\u00e9 dit, ce qui est enfoui dans les coins les plus profonds.<\/p><p>L'\u00e9change anim\u00e9 entre les auditeurs a culmin\u00e9 avec l'affirmation que ce projet apporte une contribution importante \u00e0 la compr\u00e9hension et \u00e0 l'analyse. Cet \u00e9change doit \u00eatre encourag\u00e9 et toutes les histoires de nos parents et grands-parents doivent pouvoir \u00eatre racont\u00e9es !<br \/>Sous forme d'\u00e9change r\u00e9gulier, avec des lectures ou via un caf\u00e9-r\u00e9cit ? Nous restons mobilis\u00e9s ! \ud83d\ude0a<\/p><p>Merci \u00e0 Esther Banz, Wolfram Schneider-Lastin &amp; Wseem Hussain pour votre visite chez nous !<\/p>\n\t\t\t\t\t<\/div>\n\t\t\t\t\t\t<\/div>\n\t\t\t\t<\/div>\n\t\t\t\t<\/div>\n\t\t\t\t\t<\/div>\n\t\t\t\t<\/div>\n\t\t\t\t<\/div>\n\t\t","protected":false},"excerpt":{"rendered":"<p>Avez-vous d\u00e9j\u00e0 entendu les histoires de vos grands-parents ? Avez-vous eu l&rsquo;occasion de leur poser vos questions ? La lecture<\/p>\n","protected":false},"author":2,"featured_media":21079,"comment_status":"closed","ping_status":"closed","sticky":false,"template":"","format":"standard","meta":{"footnotes":""},"categories":[1,123,67],"tags":[164],"class_list":["post-24914","post","type-post","status-publish","format-standard","has-post-thumbnail","hentry","category-blog_beitraege","category-events","category-unity-gedanken","tag-lecture"],"_links":{"self":[{"href":"https:\/\/unity-schweiz.ch\/fr\/wp-json\/wp\/v2\/posts\/24914","targetHints":{"allow":["GET"]}}],"collection":[{"href":"https:\/\/unity-schweiz.ch\/fr\/wp-json\/wp\/v2\/posts"}],"about":[{"href":"https:\/\/unity-schweiz.ch\/fr\/wp-json\/wp\/v2\/types\/post"}],"author":[{"embeddable":true,"href":"https:\/\/unity-schweiz.ch\/fr\/wp-json\/wp\/v2\/users\/2"}],"replies":[{"embeddable":true,"href":"https:\/\/unity-schweiz.ch\/fr\/wp-json\/wp\/v2\/comments?post=24914"}],"version-history":[{"count":2,"href":"https:\/\/unity-schweiz.ch\/fr\/wp-json\/wp\/v2\/posts\/24914\/revisions"}],"predecessor-version":[{"id":24916,"href":"https:\/\/unity-schweiz.ch\/fr\/wp-json\/wp\/v2\/posts\/24914\/revisions\/24916"}],"wp:featuredmedia":[{"embeddable":true,"href":"https:\/\/unity-schweiz.ch\/fr\/wp-json\/wp\/v2\/media\/21079"}],"wp:attachment":[{"href":"https:\/\/unity-schweiz.ch\/fr\/wp-json\/wp\/v2\/media?parent=24914"}],"wp:term":[{"taxonomy":"category","embeddable":true,"href":"https:\/\/unity-schweiz.ch\/fr\/wp-json\/wp\/v2\/categories?post=24914"},{"taxonomy":"post_tag","embeddable":true,"href":"https:\/\/unity-schweiz.ch\/fr\/wp-json\/wp\/v2\/tags?post=24914"}],"curies":[{"name":"wp","href":"https:\/\/api.w.org\/{rel}","templated":true}]}}