{"id":15570,"date":"2021-11-16T14:21:49","date_gmt":"2021-11-16T13:21:49","guid":{"rendered":"https:\/\/unity-schweiz.ch\/?p=15570"},"modified":"2022-05-26T00:51:13","modified_gmt":"2022-05-25T22:51:13","slug":"radiochico-mali-2","status":"publish","type":"post","link":"https:\/\/unity-schweiz.ch\/fr\/radiochico-mali-2\/","title":{"rendered":"Bazar dont les b\u00e9n\u00e9fices sont destin\u00e9s aux personnes dans le besoin"},"content":{"rendered":"\t\t<div data-elementor-type=\"wp-post\" data-elementor-id=\"15570\" class=\"elementor elementor-15570 elementor-15569\">\n\t\t\t\t\t\t<section class=\"wd-negative-gap elementor-section elementor-top-section elementor-element elementor-element-8893899 elementor-section-boxed elementor-section-height-default elementor-section-height-default\" data-id=\"8893899\" data-element_type=\"section\" data-e-type=\"section\">\n\t\t\t\t\t\t<div class=\"elementor-container elementor-column-gap-default\">\n\t\t\t\t\t<div class=\"elementor-column elementor-col-100 elementor-top-column elementor-element elementor-element-45261\" data-id=\"45261\" data-element_type=\"column\" data-e-type=\"column\">\n\t\t\t<div class=\"elementor-widget-wrap elementor-element-populated\">\n\t\t\t\t\t\t<div class=\"elementor-element elementor-element-9803223 color-scheme-inherit text-left elementor-widget elementor-widget-text-editor\" data-id=\"9803223\" data-element_type=\"widget\" data-e-type=\"widget\" data-widget_type=\"text-editor.default\">\n\t\t\t\t<div class=\"elementor-widget-container\">\n\t\t\t\t\t\t\t\t\tNotre bazar du 23 octobre 2021 a \u00e9t\u00e9 un grand succ\u00e8s. Par un magnifique temps automnal, nous avons pu proposer \u00e0 l&rsquo;ext\u00e9rieur deux tables avec des tricots chauds et moelleux \u00e0 acheter. Dans la grande salle d&rsquo;UNITY, les personnes int\u00e9ress\u00e9es ont trouv\u00e9 beaucoup d\u2019ouvrages tricot\u00e9s pour petits et grands.\r\nEn raison de la grande manifestation dans le centre-ville \u00e0 Berne, certains sont m\u00eame venus \u00e0 pied jusqu&rsquo;\u00e0 l&rsquo;Ostring.\r\nLes recettes seront revers\u00e9es aux personnes dans le besoin de la ville de Berne. Les chaussettes et les couvertures, les v\u00eatements pour enfants et b\u00e9b\u00e9s et les jouets invendus sont offerts au centre pour m\u00e8res de Berne Ouest. Un colis de chaussettes a \u00e9t\u00e9 offert au foyer d\u2019urgence \u00e0 Berne.\r\n\r\nNotre \u00ab\u00a0Lismi-Gr\u00fcppli\u00a0\u00bb se r\u00e9unit un mardi sur deux et travaille d\u00e9j\u00e0 assid\u00fbment pour le prochain bazar. Il t\u2019accueillera volontiers si tu as envie de le rejoindre, m\u00eame si tu n\u2019as pas de connaissances de tricotage. \r\n\t\t\t\t\t\t\t\t<\/div>\n\t\t\t\t<\/div>\n\t\t\t\t\t<\/div>\n\t\t<\/div>\n\t\t\t\t\t<\/div>\n\t\t<\/section>\n\t\t\t\t<\/div>\n\t\t","protected":false},"excerpt":{"rendered":"<p>Notre bazar du 23 octobre 2021 a \u00e9t\u00e9 un grand succ\u00e8s. Par un magnifique temps automnal, nous avons pu proposer<\/p>\n","protected":false},"author":2,"featured_media":15563,"comment_status":"closed","ping_status":"closed","sticky":false,"template":"","format":"standard","meta":{"footnotes":""},"categories":[114],"tags":[],"class_list":["post-15570","post","type-post","status-publish","format-standard","has-post-thumbnail","hentry","category-rapport-de-projet"],"_links":{"self":[{"href":"https:\/\/unity-schweiz.ch\/fr\/wp-json\/wp\/v2\/posts\/15570","targetHints":{"allow":["GET"]}}],"collection":[{"href":"https:\/\/unity-schweiz.ch\/fr\/wp-json\/wp\/v2\/posts"}],"about":[{"href":"https:\/\/unity-schweiz.ch\/fr\/wp-json\/wp\/v2\/types\/post"}],"author":[{"embeddable":true,"href":"https:\/\/unity-schweiz.ch\/fr\/wp-json\/wp\/v2\/users\/2"}],"replies":[{"embeddable":true,"href":"https:\/\/unity-schweiz.ch\/fr\/wp-json\/wp\/v2\/comments?post=15570"}],"version-history":[{"count":6,"href":"https:\/\/unity-schweiz.ch\/fr\/wp-json\/wp\/v2\/posts\/15570\/revisions"}],"predecessor-version":[{"id":17277,"href":"https:\/\/unity-schweiz.ch\/fr\/wp-json\/wp\/v2\/posts\/15570\/revisions\/17277"}],"wp:featuredmedia":[{"embeddable":true,"href":"https:\/\/unity-schweiz.ch\/fr\/wp-json\/wp\/v2\/media\/15563"}],"wp:attachment":[{"href":"https:\/\/unity-schweiz.ch\/fr\/wp-json\/wp\/v2\/media?parent=15570"}],"wp:term":[{"taxonomy":"category","embeddable":true,"href":"https:\/\/unity-schweiz.ch\/fr\/wp-json\/wp\/v2\/categories?post=15570"},{"taxonomy":"post_tag","embeddable":true,"href":"https:\/\/unity-schweiz.ch\/fr\/wp-json\/wp\/v2\/tags?post=15570"}],"curies":[{"name":"wp","href":"https:\/\/api.w.org\/{rel}","templated":true}]}}